{"id":236,"date":"2016-11-25T00:46:32","date_gmt":"2016-11-24T23:46:32","guid":{"rendered":"http:\/\/psychologuebrest.fr\/blog\/?p=236"},"modified":"2016-11-25T00:46:32","modified_gmt":"2016-11-24T23:46:32","slug":"les-metamorphoses-dovide-8-du-chaos-originaire-a-lemergence-dun-monde-organise-metaphore-pour-notre-naissance","status":"publish","type":"post","link":"http:\/\/psychologuebrest.fr\/blog\/les-metamorphoses-dovide-8-du-chaos-originaire-a-lemergence-dun-monde-organise-metaphore-pour-notre-naissance\/","title":{"rendered":"\u00ab\u00a0Les M\u00e9tamorphoses\u00a0\u00bb d&rsquo;Ovide (8) : du chaos originaire \u00e0 l&rsquo;\u00e9mergence d&rsquo;un monde organis\u00e9&#8230; m\u00e9taphore pour notre naissance ?"},"content":{"rendered":"<p>Dans le Livre I des <em>M\u00e9tamorphoses<\/em>, sit\u00f4t apr\u00e8s l&rsquo;invocation faite aux dieux, Ovide formule qu&rsquo;\u00e0 l&rsquo;origine du monde tel que nous le connaissons aujourd&rsquo;hui r\u00e9gnait le Chaos&#8230;<\/p>\n<p>Anne Videau remarque que la cosmogonie propos\u00e9e par Ovide se distingue bel et bien, malgr\u00e9 les apparences, de celle d&rsquo;H\u00e9siode dans sa <em>Th\u00e9ogonie<\/em> ou de celle d&rsquo;Emp\u00e9docle.<\/p>\n<p>Le \u00ab\u00a0chaos\u00a0\u00bb dont nous parle Ovide, du fait de l&rsquo;\u00e9tymologie<em>\u00a0<\/em>du mot employ\u00e9, \u00e9tymologie r\u00e9f\u00e9rant \u00e0 la tradition sto\u00efcienne, induit le geste de \u00ab\u00a0verser\u00a0\u00bb, le \u00ab\u00a0chaos\u00a0\u00bb dont nous parle Ovide \u00e9tant une esp\u00e8ce de \u00ab\u00a0m\u00e9lange o\u00f9 les \u00e9l\u00e9ments sont vers\u00e9s ensemble\u00a0\u00bb. (<em>cf. <\/em>pr\u00e9face par A.Videau des <em>M\u00e9tamorphoses<\/em> d&rsquo;Ovide, Le Livre de Poche, p. 16, 2010).<\/p>\n<p>Ce m\u00e9lange, dynamique, si confus qu&rsquo;il puisse para\u00eetre, s&rsquo;oppose au chaos d\u00e9crit par H\u00e9siode, qui lui r\u00e9f\u00e8re par l&rsquo;\u00e9tymologie employ\u00e9e \u00e0 une \u00ab\u00a0b\u00e9ance\u00a0\u00bb. Et la cosmogonie d&rsquo;Ovide se distingue de celle d&rsquo;Emp\u00e9docle en ce que \u00ab\u00a0l&rsquo;unit\u00e9 primitive du monde selon les <em>M\u00e9tamorphoses<\/em>, appara\u00eet en fait comme le contraire de l&rsquo;harmonie d&rsquo;Emp\u00e9docle : elle se caract\u00e9rise comme une indistinction sans forme, dont les \u00e9l\u00e9ments sont issus, non pas dans la discorde, mais dans l&rsquo;\u00e9mergence d&rsquo;un ordre\u00a0\u00bb. (<em>cf<\/em>. <em>op. cit.,\u00a0<\/em>p. 17).<\/p>\n<p>\u00ab\u00a0D&rsquo;une mani\u00e8re tr\u00e8s romaine &#8211; le dieu Terme \u00e9tait essentiel \u00e0 Rome, ainsi que la notion de <em>limes, <\/em>c&rsquo;est-\u00e0-dire de limite-, il [le dieu cr\u00e9ateur dans la cosmogonie ovidienne] impose un ordre en tranchant et d\u00e9limitant des territoires propres \u00e0 chaque chose. Il fait passer le monde de l&rsquo;\u00e9tat de <em>lis, <\/em>terme de droit qui signifie \u00ab\u00a0diff\u00e9rend\u00a0\u00bb, \u00e0 l&rsquo;\u00e9tat de \u00ab\u00a0paix et concorde\u00a0\u00bb. Associ\u00e9 avec \u00ab\u00a0la nature en progr\u00e8s\u00a0\u00bb, ce dieu rappelle le dieu sto\u00efcien \u00e2me du monde, confondu avec la nature.\u00a0\u00bb (<em>I<\/em><em>bid.<\/em>)<\/p>\n<p>Il a \u00e9t\u00e9 assez soulign\u00e9, en particulier par les neurologues, que le nourrisson humain na\u00eet non suffisamment pr\u00e9par\u00e9 au monde environnant. La my\u00e9linisation, la fabrication de cette substance blanche entourant les axones des neurones et autorisant la conduction de l&rsquo;influx \u00e9lectrique, n&rsquo;est pas achev\u00e9e \u00e0 la naissance et prendra encore plusieurs mois&#8230; Ce qui signifie que les informations sensorielles, provenant de l&rsquo;environnement mais \u00e9galement de l&rsquo;int\u00e9rieur du corps (organes internes notamment), ne sont pas achemin\u00e9es dans un laps de temps autorisant \u00e0 rendre congruents, simultan\u00e9s, les \u00e9v\u00e9nements r\u00e9els -internes et externes- et leur perception. Le nourrisson continue \u00e0 construire son appareil nerveux (lequel est au service de repr\u00e9sentations de l&rsquo;environnement, et non uniquement d&rsquo;actions \u00e0 mener) alors m\u00eame que la vie se tisse autour de lui : sa m\u00e8re le nourrit, il est chang\u00e9, on le berce&#8230; et durant ce m\u00eame temps, le nourrisson se fabrique son appareil psychique pour percevoir, organiser tout cela, et y r\u00e9pondre, voire l&rsquo;appeler.<\/p>\n<p>\u00ab\u00a0L&rsquo;\u00e9mergence d&rsquo;un ordre\u00a0\u00bb \u00e0 partir d&rsquo;un monde o\u00f9 les \u00e9l\u00e9ments sont comme m\u00e9lang\u00e9s (les informations sensorielles peuvent appara\u00eetre comme incoh\u00e9rentes) pourrait \u00e9galement qualifier la construction par le nourrisson de ses repr\u00e9sentations du monde du fait m\u00eame que son environnement humain (sa cellule familiale) les organise autour de lui, les ordonne&#8230;<\/p>\n<p>La cosmogonie propos\u00e9e par Ovide, inspir\u00e9e des repr\u00e9sentations sto\u00efciennes comme le souligne Anne Videau, donne une image saisissante pour nuancer nos propres repr\u00e9sentations de la vie psychique du nourrisson.<\/p>\n<p style=\"text-align: right;\">Yves-Marie Bouillon, Brest, 2016.<\/p>\n<p style=\"text-align: right;\">Copyright, Bouillon, 2016.<\/p>\n","protected":false},"excerpt":{"rendered":"<p>Dans le Livre I des M\u00e9tamorphoses, sit\u00f4t apr\u00e8s l&rsquo;invocation faite aux dieux, Ovide formule qu&rsquo;\u00e0 l&rsquo;origine du monde tel que nous le connaissons aujourd&rsquo;hui r\u00e9gnait le Chaos&#8230; Anne Videau remarque que la cosmogonie propos\u00e9e par Ovide se distingue bel et &hellip; <a href=\"http:\/\/psychologuebrest.fr\/blog\/les-metamorphoses-dovide-8-du-chaos-originaire-a-lemergence-dun-monde-organise-metaphore-pour-notre-naissance\/\">Continuer la lecture <span class=\"meta-nav\">&rarr;<\/span><\/a><\/p>\n","protected":false},"author":2,"featured_media":0,"comment_status":"closed","ping_status":"closed","sticky":false,"template":"","format":"standard","meta":[],"categories":[96,1,74],"tags":[98,87,97,7],"_links":{"self":[{"href":"http:\/\/psychologuebrest.fr\/blog\/wp-json\/wp\/v2\/posts\/236"}],"collection":[{"href":"http:\/\/psychologuebrest.fr\/blog\/wp-json\/wp\/v2\/posts"}],"about":[{"href":"http:\/\/psychologuebrest.fr\/blog\/wp-json\/wp\/v2\/types\/post"}],"author":[{"embeddable":true,"href":"http:\/\/psychologuebrest.fr\/blog\/wp-json\/wp\/v2\/users\/2"}],"replies":[{"embeddable":true,"href":"http:\/\/psychologuebrest.fr\/blog\/wp-json\/wp\/v2\/comments?post=236"}],"version-history":[{"count":7,"href":"http:\/\/psychologuebrest.fr\/blog\/wp-json\/wp\/v2\/posts\/236\/revisions"}],"predecessor-version":[{"id":243,"href":"http:\/\/psychologuebrest.fr\/blog\/wp-json\/wp\/v2\/posts\/236\/revisions\/243"}],"wp:attachment":[{"href":"http:\/\/psychologuebrest.fr\/blog\/wp-json\/wp\/v2\/media?parent=236"}],"wp:term":[{"taxonomy":"category","embeddable":true,"href":"http:\/\/psychologuebrest.fr\/blog\/wp-json\/wp\/v2\/categories?post=236"},{"taxonomy":"post_tag","embeddable":true,"href":"http:\/\/psychologuebrest.fr\/blog\/wp-json\/wp\/v2\/tags?post=236"}],"curies":[{"name":"wp","href":"https:\/\/api.w.org\/{rel}","templated":true}]}}